{"id":7289,"date":"2025-09-15T16:14:26","date_gmt":"2025-09-15T14:14:26","guid":{"rendered":"https:\/\/portraitdocumentaire.fr\/?p=7289"},"modified":"2025-12-08T16:23:11","modified_gmt":"2025-12-08T15:23:11","slug":"les-derniers","status":"publish","type":"post","link":"https:\/\/portraitdocumentaire.fr\/index.php\/2025\/09\/15\/les-derniers\/","title":{"rendered":"Les derniers"},"content":{"rendered":"\n<p><strong>Etalonnage du documentaire <em>Les derniers<\/em>, r\u00e9alis\u00e9 par <strong>Rachel Prat Lamy, <\/strong>produit par Adala Films.<\/strong> Antoine, L\u00e9onie, H\u00e9l\u00e8ne, Albert sont parmi les derniers t\u00e9moins vivants \u00e0 pouvoir confier leur m\u00e9moire. Titouan, Morgan, Pierre-Henri, Nelly ont l\u2019\u00e2ge de ces t\u00e9moins \u00e0 l\u2019\u00e9poque de leur exp\u00e9rience de la r\u00e9sistance, de la d\u00e9portation et de la violence nazie. Ils sont \u00e0 l\u2019\u00e2ge des choix.<\/p>\n\n\n\n<div style=\"height:var(--wp--preset--spacing--x-small)\" aria-hidden=\"true\" class=\"wp-block-spacer\"><\/div>\n","protected":false},"excerpt":{"rendered":"<p>Etalonnage du documentaire Les derniers, r\u00e9alis\u00e9 par Rachel Prat Lamy, produit par Adala Films. Antoine, L\u00e9onie, H\u00e9l\u00e8ne, Albert sont parmi les derniers t\u00e9moins vivants \u00e0 pouvoir confier leur m\u00e9moire. Titouan, Morgan, Pierre-Henri, Nelly ont l\u2019\u00e2ge de ces t\u00e9moins \u00e0 l\u2019\u00e9poque de leur exp\u00e9rience de la r\u00e9sistance, de la d\u00e9portation et de la violence nazie. Ils &hellip; <\/p>\n<p class=\"link-more\"><a href=\"https:\/\/portraitdocumentaire.fr\/index.php\/2025\/09\/15\/les-derniers\/\" class=\"more-link\">Lire la suite de<span class=\"screen-reader-text\">\u00ab\u00a0Les derniers\u00a0\u00bb<\/span><\/a><\/p>\n","protected":false},"author":1,"featured_media":7454,"comment_status":"closed","ping_status":"open","sticky":false,"template":"","format":"standard","meta":{"footnotes":""},"categories":[1],"tags":[],"class_list":["post-7289","post","type-post","status-publish","format-standard","has-post-thumbnail","hentry","category-non-classe"],"featured_media_urls":{"thumbnail":["https:\/\/portraitdocumentaire.fr\/wp-content\/uploads\/2025\/11\/Les-derniers-Rachel-Prat-Lamy-Adala-Films-postprod-Olivier-Moulai-150x150.jpg",150,150,true],"medium":["https:\/\/portraitdocumentaire.fr\/wp-content\/uploads\/2025\/11\/Les-derniers-Rachel-Prat-Lamy-Adala-Films-postprod-Olivier-Moulai-300x169.jpg",300,169,true],"medium_large":["https:\/\/portraitdocumentaire.fr\/wp-content\/uploads\/2025\/11\/Les-derniers-Rachel-Prat-Lamy-Adala-Films-postprod-Olivier-Moulai-768x432.jpg",768,432,true],"large":["https:\/\/portraitdocumentaire.fr\/wp-content\/uploads\/2025\/11\/Les-derniers-Rachel-Prat-Lamy-Adala-Films-postprod-Olivier-Moulai-1024x576.jpg",950,534,true],"1536x1536":["https:\/\/portraitdocumentaire.fr\/wp-content\/uploads\/2025\/11\/Les-derniers-Rachel-Prat-Lamy-Adala-Films-postprod-Olivier-Moulai-1536x864.jpg",1536,864,true],"2048x2048":["https:\/\/portraitdocumentaire.fr\/wp-content\/uploads\/2025\/11\/Les-derniers-Rachel-Prat-Lamy-Adala-Films-postprod-Olivier-Moulai.jpg",1600,900,false],"inspiro-featured-image":["https:\/\/portraitdocumentaire.fr\/wp-content\/uploads\/2025\/11\/Les-derniers-Rachel-Prat-Lamy-Adala-Films-postprod-Olivier-Moulai.jpg",1600,900,false],"inspiro-loop":["https:\/\/portraitdocumentaire.fr\/wp-content\/uploads\/2025\/11\/Les-derniers-Rachel-Prat-Lamy-Adala-Films-postprod-Olivier-Moulai-950x320.jpg",950,320,true],"inspiro-loop@2x":["https:\/\/portraitdocumentaire.fr\/wp-content\/uploads\/2025\/11\/Les-derniers-Rachel-Prat-Lamy-Adala-Films-postprod-Olivier-Moulai-1600x640.jpg",1600,640,true],"portfolio_item-thumbnail":["https:\/\/portraitdocumentaire.fr\/wp-content\/uploads\/2025\/11\/Les-derniers-Rachel-Prat-Lamy-Adala-Films-postprod-Olivier-Moulai-600x400.jpg",600,400,true],"portfolio_item-thumbnail@2x":["https:\/\/portraitdocumentaire.fr\/wp-content\/uploads\/2025\/11\/Les-derniers-Rachel-Prat-Lamy-Adala-Films-postprod-Olivier-Moulai-1200x800.jpg",1200,800,true],"portfolio_item-masonry":["https:\/\/portraitdocumentaire.fr\/wp-content\/uploads\/2025\/11\/Les-derniers-Rachel-Prat-Lamy-Adala-Films-postprod-Olivier-Moulai-600x338.jpg",600,338,true],"portfolio_item-masonry@2x":["https:\/\/portraitdocumentaire.fr\/wp-content\/uploads\/2025\/11\/Les-derniers-Rachel-Prat-Lamy-Adala-Films-postprod-Olivier-Moulai-1200x675.jpg",1200,675,true],"portfolio_item-thumbnail_cinema":["https:\/\/portraitdocumentaire.fr\/wp-content\/uploads\/2025\/11\/Les-derniers-Rachel-Prat-Lamy-Adala-Films-postprod-Olivier-Moulai-800x335.jpg",800,335,true],"portfolio_item-thumbnail_portrait":["https:\/\/portraitdocumentaire.fr\/wp-content\/uploads\/2025\/11\/Les-derniers-Rachel-Prat-Lamy-Adala-Films-postprod-Olivier-Moulai-600x900.jpg",600,900,true],"portfolio_item-thumbnail_portrait@2x":["https:\/\/portraitdocumentaire.fr\/wp-content\/uploads\/2025\/11\/Les-derniers-Rachel-Prat-Lamy-Adala-Films-postprod-Olivier-Moulai-1200x900.jpg",1200,900,true],"portfolio_item-thumbnail_square":["https:\/\/portraitdocumentaire.fr\/wp-content\/uploads\/2025\/11\/Les-derniers-Rachel-Prat-Lamy-Adala-Films-postprod-Olivier-Moulai-800x800.jpg",800,800,true]},"_links":{"self":[{"href":"https:\/\/portraitdocumentaire.fr\/index.php\/wp-json\/wp\/v2\/posts\/7289","targetHints":{"allow":["GET"]}}],"collection":[{"href":"https:\/\/portraitdocumentaire.fr\/index.php\/wp-json\/wp\/v2\/posts"}],"about":[{"href":"https:\/\/portraitdocumentaire.fr\/index.php\/wp-json\/wp\/v2\/types\/post"}],"author":[{"embeddable":true,"href":"https:\/\/portraitdocumentaire.fr\/index.php\/wp-json\/wp\/v2\/users\/1"}],"replies":[{"embeddable":true,"href":"https:\/\/portraitdocumentaire.fr\/index.php\/wp-json\/wp\/v2\/comments?post=7289"}],"version-history":[{"count":8,"href":"https:\/\/portraitdocumentaire.fr\/index.php\/wp-json\/wp\/v2\/posts\/7289\/revisions"}],"predecessor-version":[{"id":7523,"href":"https:\/\/portraitdocumentaire.fr\/index.php\/wp-json\/wp\/v2\/posts\/7289\/revisions\/7523"}],"wp:featuredmedia":[{"embeddable":true,"href":"https:\/\/portraitdocumentaire.fr\/index.php\/wp-json\/wp\/v2\/media\/7454"}],"wp:attachment":[{"href":"https:\/\/portraitdocumentaire.fr\/index.php\/wp-json\/wp\/v2\/media?parent=7289"}],"wp:term":[{"taxonomy":"category","embeddable":true,"href":"https:\/\/portraitdocumentaire.fr\/index.php\/wp-json\/wp\/v2\/categories?post=7289"},{"taxonomy":"post_tag","embeddable":true,"href":"https:\/\/portraitdocumentaire.fr\/index.php\/wp-json\/wp\/v2\/tags?post=7289"}],"curies":[{"name":"wp","href":"https:\/\/api.w.org\/{rel}","templated":true}]}}