{"id":7299,"date":"2025-10-15T16:28:32","date_gmt":"2025-10-15T14:28:32","guid":{"rendered":"https:\/\/portraitdocumentaire.fr\/?p=7299"},"modified":"2025-12-08T16:22:41","modified_gmt":"2025-12-08T15:22:41","slug":"regards-darcheologues","status":"publish","type":"post","link":"https:\/\/portraitdocumentaire.fr\/index.php\/2025\/10\/15\/regards-darcheologues\/","title":{"rendered":"Regards d&rsquo;arch\u00e9ologues"},"content":{"rendered":"\n<div style=\"height:var(--wp--preset--spacing--x-small)\" aria-hidden=\"true\" class=\"wp-block-spacer\"><\/div>\n\n\n\n<p><strong>Montage et musique originale du documentaire <em>Regards d&rsquo;arch\u00e9ologues<\/em>, r\u00e9alis\u00e9 par Aur\u00e9lie Albaret, produit par a Cygni.<\/strong> Le film retrace et croise les exp\u00e9riences d\u2019arch\u00e9ologues, plongeurs, bricoleurs, peintres, photographes, vid\u00e9astes et ing\u00e9nieurs en imagerie, dans les eaux Occitaniennes, sur trois g\u00e9n\u00e9rations.<\/p>\n\n\n\n<p><\/p>\n","protected":false},"excerpt":{"rendered":"<p>Montage et musique originale du documentaire Regards d&rsquo;arch\u00e9ologues, r\u00e9alis\u00e9 par Aur\u00e9lie Albaret, produit par a Cygni. Le film retrace et croise les exp\u00e9riences d\u2019arch\u00e9ologues, plongeurs, bricoleurs, peintres, photographes, vid\u00e9astes et ing\u00e9nieurs en imagerie, dans les eaux Occitaniennes, sur trois g\u00e9n\u00e9rations.<\/p>\n","protected":false},"author":1,"featured_media":7460,"comment_status":"closed","ping_status":"open","sticky":false,"template":"","format":"standard","meta":{"footnotes":""},"categories":[1],"tags":[],"class_list":["post-7299","post","type-post","status-publish","format-standard","has-post-thumbnail","hentry","category-non-classe"],"featured_media_urls":{"thumbnail":["https:\/\/portraitdocumentaire.fr\/wp-content\/uploads\/2025\/11\/Regards-darcheologues-Aurelie-Albaret-a-Cygni-Films-postprod-Olivier-Moulai-150x150.jpg",150,150,true],"medium":["https:\/\/portraitdocumentaire.fr\/wp-content\/uploads\/2025\/11\/Regards-darcheologues-Aurelie-Albaret-a-Cygni-Films-postprod-Olivier-Moulai-300x169.jpg",300,169,true],"medium_large":["https:\/\/portraitdocumentaire.fr\/wp-content\/uploads\/2025\/11\/Regards-darcheologues-Aurelie-Albaret-a-Cygni-Films-postprod-Olivier-Moulai-768x432.jpg",768,432,true],"large":["https:\/\/portraitdocumentaire.fr\/wp-content\/uploads\/2025\/11\/Regards-darcheologues-Aurelie-Albaret-a-Cygni-Films-postprod-Olivier-Moulai-1024x576.jpg",950,534,true],"1536x1536":["https:\/\/portraitdocumentaire.fr\/wp-content\/uploads\/2025\/11\/Regards-darcheologues-Aurelie-Albaret-a-Cygni-Films-postprod-Olivier-Moulai-1536x864.jpg",1536,864,true],"2048x2048":["https:\/\/portraitdocumentaire.fr\/wp-content\/uploads\/2025\/11\/Regards-darcheologues-Aurelie-Albaret-a-Cygni-Films-postprod-Olivier-Moulai.jpg",1600,900,false],"inspiro-featured-image":["https:\/\/portraitdocumentaire.fr\/wp-content\/uploads\/2025\/11\/Regards-darcheologues-Aurelie-Albaret-a-Cygni-Films-postprod-Olivier-Moulai.jpg",1600,900,false],"inspiro-loop":["https:\/\/portraitdocumentaire.fr\/wp-content\/uploads\/2025\/11\/Regards-darcheologues-Aurelie-Albaret-a-Cygni-Films-postprod-Olivier-Moulai-950x320.jpg",950,320,true],"inspiro-loop@2x":["https:\/\/portraitdocumentaire.fr\/wp-content\/uploads\/2025\/11\/Regards-darcheologues-Aurelie-Albaret-a-Cygni-Films-postprod-Olivier-Moulai-1600x640.jpg",1600,640,true],"portfolio_item-thumbnail":["https:\/\/portraitdocumentaire.fr\/wp-content\/uploads\/2025\/11\/Regards-darcheologues-Aurelie-Albaret-a-Cygni-Films-postprod-Olivier-Moulai-600x400.jpg",600,400,true],"portfolio_item-thumbnail@2x":["https:\/\/portraitdocumentaire.fr\/wp-content\/uploads\/2025\/11\/Regards-darcheologues-Aurelie-Albaret-a-Cygni-Films-postprod-Olivier-Moulai-1200x800.jpg",1200,800,true],"portfolio_item-masonry":["https:\/\/portraitdocumentaire.fr\/wp-content\/uploads\/2025\/11\/Regards-darcheologues-Aurelie-Albaret-a-Cygni-Films-postprod-Olivier-Moulai-600x338.jpg",600,338,true],"portfolio_item-masonry@2x":["https:\/\/portraitdocumentaire.fr\/wp-content\/uploads\/2025\/11\/Regards-darcheologues-Aurelie-Albaret-a-Cygni-Films-postprod-Olivier-Moulai-1200x675.jpg",1200,675,true],"portfolio_item-thumbnail_cinema":["https:\/\/portraitdocumentaire.fr\/wp-content\/uploads\/2025\/11\/Regards-darcheologues-Aurelie-Albaret-a-Cygni-Films-postprod-Olivier-Moulai-800x335.jpg",800,335,true],"portfolio_item-thumbnail_portrait":["https:\/\/portraitdocumentaire.fr\/wp-content\/uploads\/2025\/11\/Regards-darcheologues-Aurelie-Albaret-a-Cygni-Films-postprod-Olivier-Moulai-600x900.jpg",600,900,true],"portfolio_item-thumbnail_portrait@2x":["https:\/\/portraitdocumentaire.fr\/wp-content\/uploads\/2025\/11\/Regards-darcheologues-Aurelie-Albaret-a-Cygni-Films-postprod-Olivier-Moulai-1200x900.jpg",1200,900,true],"portfolio_item-thumbnail_square":["https:\/\/portraitdocumentaire.fr\/wp-content\/uploads\/2025\/11\/Regards-darcheologues-Aurelie-Albaret-a-Cygni-Films-postprod-Olivier-Moulai-800x800.jpg",800,800,true]},"_links":{"self":[{"href":"https:\/\/portraitdocumentaire.fr\/index.php\/wp-json\/wp\/v2\/posts\/7299","targetHints":{"allow":["GET"]}}],"collection":[{"href":"https:\/\/portraitdocumentaire.fr\/index.php\/wp-json\/wp\/v2\/posts"}],"about":[{"href":"https:\/\/portraitdocumentaire.fr\/index.php\/wp-json\/wp\/v2\/types\/post"}],"author":[{"embeddable":true,"href":"https:\/\/portraitdocumentaire.fr\/index.php\/wp-json\/wp\/v2\/users\/1"}],"replies":[{"embeddable":true,"href":"https:\/\/portraitdocumentaire.fr\/index.php\/wp-json\/wp\/v2\/comments?post=7299"}],"version-history":[{"count":6,"href":"https:\/\/portraitdocumentaire.fr\/index.php\/wp-json\/wp\/v2\/posts\/7299\/revisions"}],"predecessor-version":[{"id":7532,"href":"https:\/\/portraitdocumentaire.fr\/index.php\/wp-json\/wp\/v2\/posts\/7299\/revisions\/7532"}],"wp:featuredmedia":[{"embeddable":true,"href":"https:\/\/portraitdocumentaire.fr\/index.php\/wp-json\/wp\/v2\/media\/7460"}],"wp:attachment":[{"href":"https:\/\/portraitdocumentaire.fr\/index.php\/wp-json\/wp\/v2\/media?parent=7299"}],"wp:term":[{"taxonomy":"category","embeddable":true,"href":"https:\/\/portraitdocumentaire.fr\/index.php\/wp-json\/wp\/v2\/categories?post=7299"},{"taxonomy":"post_tag","embeddable":true,"href":"https:\/\/portraitdocumentaire.fr\/index.php\/wp-json\/wp\/v2\/tags?post=7299"}],"curies":[{"name":"wp","href":"https:\/\/api.w.org\/{rel}","templated":true}]}}