{"id":7302,"date":"2025-11-15T16:38:29","date_gmt":"2025-11-15T15:38:29","guid":{"rendered":"https:\/\/portraitdocumentaire.fr\/?p=7302"},"modified":"2025-12-08T16:21:39","modified_gmt":"2025-12-08T15:21:39","slug":"portrait-dartiste","status":"publish","type":"post","link":"https:\/\/portraitdocumentaire.fr\/index.php\/2025\/11\/15\/portrait-dartiste\/","title":{"rendered":"Portrait d&rsquo;artiste"},"content":{"rendered":"\n<div style=\"height:var(--wp--preset--spacing--x-small)\" aria-hidden=\"true\" class=\"wp-block-spacer\"><\/div>\n\n\n\n<p><strong>Formation au montage vid\u00e9o sur le logiciel DaVinci Resolve, dans le cadre de Empreinte \u00e0 Perpignan.<\/strong> Cette formation permet d&rsquo;acqu\u00e9rir les bases du logiciel professionnel DaVinci Resolve, depuis l\u2019importation des rushes jusqu\u2019aux exports, en passant par le mixage audio, l&rsquo;\u00e9talonnage, la gestion des m\u00e9dias, etc.\u00a0<\/p>\n","protected":false},"excerpt":{"rendered":"<p>Formation au montage vid\u00e9o sur le logiciel DaVinci Resolve, dans le cadre de Empreinte \u00e0 Perpignan. Cette formation permet d&rsquo;acqu\u00e9rir les bases du logiciel professionnel DaVinci Resolve, depuis l\u2019importation des rushes jusqu\u2019aux exports, en passant par le mixage audio, l&rsquo;\u00e9talonnage, la gestion des m\u00e9dias, etc.\u00a0<\/p>\n","protected":false},"author":1,"featured_media":7457,"comment_status":"closed","ping_status":"open","sticky":false,"template":"","format":"standard","meta":{"footnotes":""},"categories":[1],"tags":[],"class_list":["post-7302","post","type-post","status-publish","format-standard","has-post-thumbnail","hentry","category-non-classe"],"featured_media_urls":{"thumbnail":["https:\/\/portraitdocumentaire.fr\/wp-content\/uploads\/2025\/11\/Portrait-dartiste-formation-en-montage-video-Olivier-Moulai-2-150x150.jpg",150,150,true],"medium":["https:\/\/portraitdocumentaire.fr\/wp-content\/uploads\/2025\/11\/Portrait-dartiste-formation-en-montage-video-Olivier-Moulai-2-300x169.jpg",300,169,true],"medium_large":["https:\/\/portraitdocumentaire.fr\/wp-content\/uploads\/2025\/11\/Portrait-dartiste-formation-en-montage-video-Olivier-Moulai-2-768x432.jpg",768,432,true],"large":["https:\/\/portraitdocumentaire.fr\/wp-content\/uploads\/2025\/11\/Portrait-dartiste-formation-en-montage-video-Olivier-Moulai-2-1024x576.jpg",950,534,true],"1536x1536":["https:\/\/portraitdocumentaire.fr\/wp-content\/uploads\/2025\/11\/Portrait-dartiste-formation-en-montage-video-Olivier-Moulai-2-1536x864.jpg",1536,864,true],"2048x2048":["https:\/\/portraitdocumentaire.fr\/wp-content\/uploads\/2025\/11\/Portrait-dartiste-formation-en-montage-video-Olivier-Moulai-2.jpg",1600,900,false],"inspiro-featured-image":["https:\/\/portraitdocumentaire.fr\/wp-content\/uploads\/2025\/11\/Portrait-dartiste-formation-en-montage-video-Olivier-Moulai-2.jpg",1600,900,false],"inspiro-loop":["https:\/\/portraitdocumentaire.fr\/wp-content\/uploads\/2025\/11\/Portrait-dartiste-formation-en-montage-video-Olivier-Moulai-2-950x320.jpg",950,320,true],"inspiro-loop@2x":["https:\/\/portraitdocumentaire.fr\/wp-content\/uploads\/2025\/11\/Portrait-dartiste-formation-en-montage-video-Olivier-Moulai-2-1600x640.jpg",1600,640,true],"portfolio_item-thumbnail":["https:\/\/portraitdocumentaire.fr\/wp-content\/uploads\/2025\/11\/Portrait-dartiste-formation-en-montage-video-Olivier-Moulai-2-600x400.jpg",600,400,true],"portfolio_item-thumbnail@2x":["https:\/\/portraitdocumentaire.fr\/wp-content\/uploads\/2025\/11\/Portrait-dartiste-formation-en-montage-video-Olivier-Moulai-2-1200x800.jpg",1200,800,true],"portfolio_item-masonry":["https:\/\/portraitdocumentaire.fr\/wp-content\/uploads\/2025\/11\/Portrait-dartiste-formation-en-montage-video-Olivier-Moulai-2-600x338.jpg",600,338,true],"portfolio_item-masonry@2x":["https:\/\/portraitdocumentaire.fr\/wp-content\/uploads\/2025\/11\/Portrait-dartiste-formation-en-montage-video-Olivier-Moulai-2-1200x675.jpg",1200,675,true],"portfolio_item-thumbnail_cinema":["https:\/\/portraitdocumentaire.fr\/wp-content\/uploads\/2025\/11\/Portrait-dartiste-formation-en-montage-video-Olivier-Moulai-2-800x335.jpg",800,335,true],"portfolio_item-thumbnail_portrait":["https:\/\/portraitdocumentaire.fr\/wp-content\/uploads\/2025\/11\/Portrait-dartiste-formation-en-montage-video-Olivier-Moulai-2-600x900.jpg",600,900,true],"portfolio_item-thumbnail_portrait@2x":["https:\/\/portraitdocumentaire.fr\/wp-content\/uploads\/2025\/11\/Portrait-dartiste-formation-en-montage-video-Olivier-Moulai-2-1200x900.jpg",1200,900,true],"portfolio_item-thumbnail_square":["https:\/\/portraitdocumentaire.fr\/wp-content\/uploads\/2025\/11\/Portrait-dartiste-formation-en-montage-video-Olivier-Moulai-2-800x800.jpg",800,800,true]},"_links":{"self":[{"href":"https:\/\/portraitdocumentaire.fr\/index.php\/wp-json\/wp\/v2\/posts\/7302","targetHints":{"allow":["GET"]}}],"collection":[{"href":"https:\/\/portraitdocumentaire.fr\/index.php\/wp-json\/wp\/v2\/posts"}],"about":[{"href":"https:\/\/portraitdocumentaire.fr\/index.php\/wp-json\/wp\/v2\/types\/post"}],"author":[{"embeddable":true,"href":"https:\/\/portraitdocumentaire.fr\/index.php\/wp-json\/wp\/v2\/users\/1"}],"replies":[{"embeddable":true,"href":"https:\/\/portraitdocumentaire.fr\/index.php\/wp-json\/wp\/v2\/comments?post=7302"}],"version-history":[{"count":8,"href":"https:\/\/portraitdocumentaire.fr\/index.php\/wp-json\/wp\/v2\/posts\/7302\/revisions"}],"predecessor-version":[{"id":7529,"href":"https:\/\/portraitdocumentaire.fr\/index.php\/wp-json\/wp\/v2\/posts\/7302\/revisions\/7529"}],"wp:featuredmedia":[{"embeddable":true,"href":"https:\/\/portraitdocumentaire.fr\/index.php\/wp-json\/wp\/v2\/media\/7457"}],"wp:attachment":[{"href":"https:\/\/portraitdocumentaire.fr\/index.php\/wp-json\/wp\/v2\/media?parent=7302"}],"wp:term":[{"taxonomy":"category","embeddable":true,"href":"https:\/\/portraitdocumentaire.fr\/index.php\/wp-json\/wp\/v2\/categories?post=7302"},{"taxonomy":"post_tag","embeddable":true,"href":"https:\/\/portraitdocumentaire.fr\/index.php\/wp-json\/wp\/v2\/tags?post=7302"}],"curies":[{"name":"wp","href":"https:\/\/api.w.org\/{rel}","templated":true}]}}